{"id":116,"date":"2018-10-22T11:08:54","date_gmt":"2018-10-22T09:08:54","guid":{"rendered":"http:\/\/lecamionavelo.fr\/?p=116"},"modified":"2018-10-22T11:46:21","modified_gmt":"2018-10-22T09:46:21","slug":"cyclo-cross-de-belfort","status":"publish","type":"post","link":"http:\/\/lecamionavelo.fr\/?p=116","title":{"rendered":"Cyclo-cross de Belfort"},"content":{"rendered":"<p>Je serai pr\u00e9sent au <a href=\"http:\/\/www.ffc-bfc.fr\/calendrier-resultats\/cyclo-cross-de-la-douce-1-1\">cyclocross de Belfort<\/a> organis\u00e9 par l&#8217;ACTB au parc de la Douce le 28 octobre 2018. N&#8217;h\u00e9sitez \u00e0 venir \u00e0 ma rencontre.<img loading=\"lazy\" decoding=\"async\" class=\"alignnone wp-image-146 aligncenter\" src=\"http:\/\/lecamionavelo.fr\/wp-content\/uploads\/2018\/10\/cc-belfort-300x200.jpg\" alt=\"\" width=\"422\" height=\"281\" srcset=\"http:\/\/lecamionavelo.fr\/wp-content\/uploads\/2018\/10\/cc-belfort-300x200.jpg 300w, http:\/\/lecamionavelo.fr\/wp-content\/uploads\/2018\/10\/cc-belfort-768x511.jpg 768w, http:\/\/lecamionavelo.fr\/wp-content\/uploads\/2018\/10\/cc-belfort-370x246.jpg 370w, http:\/\/lecamionavelo.fr\/wp-content\/uploads\/2018\/10\/cc-belfort.jpg 778w\" sizes=\"auto, (max-width: 422px) 100vw, 422px\" \/><\/p>\n","protected":false},"excerpt":{"rendered":"<p>Je serai pr\u00e9sent au cyclocross de Belfort organis\u00e9 par l&#8217;ACTB au parc de la Douce le 28 octobre 2018. N&#8217;h\u00e9sitez \u00e0 venir \u00e0 ma rencontre.<\/p>\n","protected":false},"author":1,"featured_media":0,"comment_status":"open","ping_status":"open","sticky":false,"template":"","format":"standard","meta":{"_monsterinsights_skip_tracking":false,"_monsterinsights_sitenote_active":false,"_monsterinsights_sitenote_note":"","_monsterinsights_sitenote_category":0,"footnotes":""},"categories":[4],"tags":[6,5,7],"class_list":["post-116","post","type-post","status-publish","format-standard","hentry","category-evenements","tag-belfort","tag-cyclocross","tag-evenements"],"_links":{"self":[{"href":"http:\/\/lecamionavelo.fr\/index.php?rest_route=\/wp\/v2\/posts\/116","targetHints":{"allow":["GET"]}}],"collection":[{"href":"http:\/\/lecamionavelo.fr\/index.php?rest_route=\/wp\/v2\/posts"}],"about":[{"href":"http:\/\/lecamionavelo.fr\/index.php?rest_route=\/wp\/v2\/types\/post"}],"author":[{"embeddable":true,"href":"http:\/\/lecamionavelo.fr\/index.php?rest_route=\/wp\/v2\/users\/1"}],"replies":[{"embeddable":true,"href":"http:\/\/lecamionavelo.fr\/index.php?rest_route=%2Fwp%2Fv2%2Fcomments&post=116"}],"version-history":[{"count":3,"href":"http:\/\/lecamionavelo.fr\/index.php?rest_route=\/wp\/v2\/posts\/116\/revisions"}],"predecessor-version":[{"id":150,"href":"http:\/\/lecamionavelo.fr\/index.php?rest_route=\/wp\/v2\/posts\/116\/revisions\/150"}],"wp:attachment":[{"href":"http:\/\/lecamionavelo.fr\/index.php?rest_route=%2Fwp%2Fv2%2Fmedia&parent=116"}],"wp:term":[{"taxonomy":"category","embeddable":true,"href":"http:\/\/lecamionavelo.fr\/index.php?rest_route=%2Fwp%2Fv2%2Fcategories&post=116"},{"taxonomy":"post_tag","embeddable":true,"href":"http:\/\/lecamionavelo.fr\/index.php?rest_route=%2Fwp%2Fv2%2Ftags&post=116"}],"curies":[{"name":"wp","href":"https:\/\/api.w.org\/{rel}","templated":true}]}}